{"id":9804,"date":"2025-08-19T12:11:31","date_gmt":"2025-08-19T10:11:31","guid":{"rendered":"https:\/\/www.sitnskate.de\/?p=9804"},"modified":"2025-08-23T12:49:19","modified_gmt":"2025-08-23T10:49:19","slug":"oldenburg-outdoor","status":"publish","type":"post","link":"https:\/\/www.sitnskate.de\/ls\/aktuelles\/oldenburg-outdoor","title":{"rendered":"Oldenburg Outdoor"},"content":{"rendered":"\n<p><strong>Oldenburg rollt \u2013 trotz Regen!<\/strong><\/p>\n\n\n\n<p><em>Unser erster Outdoor-Skate-Treff im Skatepark<\/em> <em>Kreyenbr\u00fcck<\/em><\/p>\n\n\n\n<p>Am Sonntag, den 17. August, waren wir zum ersten Mal mit unserem Rollstuhl-Skate-Treff&nbsp;<strong>unter freiem Himmel in Oldenburg<\/strong>&nbsp;\u2013 und zwar im&nbsp;<strong>Skatepark Kreyenbr\u00fcck<\/strong>. Und auch wenn das Wetter es uns nicht ganz leicht gemacht hat, war es ein richtig sch\u00f6ner Tag.<\/p>\n\n\n\n<p>Gleich morgens sah es noch nach Regen aus \u2013 und tats\u00e4chlich mussten wir immer wieder kleine Pausen einlegen, weil dunkle Wolken \u00fcber den Park zogen. Aber: Der Skatepark trocknet schnell, die Stimmung blieb gut, und so konnten wir&nbsp;<strong>trotz gelegentlicher Regeng\u00fcsse richtig loslegen<\/strong>. In den regenfreien Phasen war der Park voll mit Action, Austausch und neuen Tricks \u2013 und alle hatten sichtlich Spa\u00df. F\u00fcr einige war es der&nbsp;<strong>erste Besuch bei einem unserer Skate-Treffs<\/strong>, andere sind schon l\u00e4nger Teil der Community. Besonders sch\u00f6n war, dass&nbsp;<strong>alle mit angepackt haben<\/strong>, beim Abziehen des Parks, beim Helfen und nat\u00fcrlich beim gemeinsamen Skaten.<\/p>\n\n\n\n<p>Wir freuen uns sehr \u00fcber diesen erfolgreichen Testlauf im Freien.&nbsp;<strong>Das war unser erster Outdoor-Skate-Treff in Oldenburg \u2013 aber garantiert nicht der letzte!<\/strong>&nbsp;F\u00fcr den n\u00e4chsten Termin geht es zwar erstmal wieder zur\u00fcck in die Halle, aber: Sp\u00e4testens im n\u00e4chsten Jahr planen wir auf jeden Fall&nbsp;<strong>mehr Outdoor-Sessions in Kreyenbr\u00fcck<\/strong>&nbsp;ein. Denn eins ist klar \u2013 dieser Skatepark hat Potenzial, und mit der richtigen Mischung aus Sonne, Spa\u00df und Support wird daraus noch einiges!<\/p>\n\n\n\n<p><strong>Danke an alle, die dabei waren und diesen besonderen Tag m\u00f6glich gemacht haben.<\/strong>&nbsp;Wir freuen uns schon aufs n\u00e4chste Mal in Oldenburg \u2013 drinnen oder drau\u00dfen!<\/p>\n\n\n\n<figure class=\"wp-block-gallery has-nested-images columns-default is-cropped wp-block-gallery-1 is-layout-flex wp-block-gallery-is-layout-flex\">\n<figure class=\"wp-block-image size-large\"><img loading=\"lazy\" decoding=\"async\" width=\"1024\" height=\"771\" data-id=\"9837\" src=\"https:\/\/www.sitnskate.de\/wp-content\/uploads\/2025\/08\/IMG_9735-scaled-e1755945790615-1024x771.jpg\" alt=\"Ein Rollstuhlnutzender mit gelbem Helm f\u00e4hrt eine schr\u00e4ge, rote Fl\u00e4che im Skatepark hinunter. Im Hintergrund sieht man eine weitere Person im Rollstuhl, die ebenfalls die Rampe bef\u00e4hrt. Der Himmel ist grau, der Boden wirkt teilweise noch feucht.\" class=\"wp-image-9837\" srcset=\"https:\/\/www.sitnskate.de\/wp-content\/uploads\/2025\/08\/IMG_9735-scaled-e1755945790615-1024x771.jpg 1024w, https:\/\/www.sitnskate.de\/wp-content\/uploads\/2025\/08\/IMG_9735-scaled-e1755945790615-300x226.jpg 300w, https:\/\/www.sitnskate.de\/wp-content\/uploads\/2025\/08\/IMG_9735-scaled-e1755945790615-768x578.jpg 768w, https:\/\/www.sitnskate.de\/wp-content\/uploads\/2025\/08\/IMG_9735-scaled-e1755945790615.jpg 1440w\" sizes=\"auto, (max-width: 1024px) 100vw, 1024px\" \/><\/figure>\n\n\n\n<figure class=\"wp-block-image size-large\"><img loading=\"lazy\" decoding=\"async\" width=\"1024\" height=\"768\" data-id=\"9834\" src=\"https:\/\/www.sitnskate.de\/wp-content\/uploads\/2025\/08\/PXL_20250817_084317733-1024x768.jpg\" alt=\"Eine j\u00fcngere Person im Rollstuhl mit gr\u00fcnem Helm und roten Handschuhen f\u00e4hrt mit Schwung in eine rote Quarterpipe. Direkt dahinter begleitet eine erwachsene Person im Rollstuhl die Aktion. Der Boden ist teilweise noch feucht, im Hintergrund stehen B\u00e4ume und ein Zaun grenzt den\" class=\"wp-image-9834\" srcset=\"https:\/\/www.sitnskate.de\/wp-content\/uploads\/2025\/08\/PXL_20250817_084317733-1024x768.jpg 1024w, https:\/\/www.sitnskate.de\/wp-content\/uploads\/2025\/08\/PXL_20250817_084317733-300x225.jpg 300w, https:\/\/www.sitnskate.de\/wp-content\/uploads\/2025\/08\/PXL_20250817_084317733-768x576.jpg 768w, https:\/\/www.sitnskate.de\/wp-content\/uploads\/2025\/08\/PXL_20250817_084317733-1536x1152.jpg 1536w, https:\/\/www.sitnskate.de\/wp-content\/uploads\/2025\/08\/PXL_20250817_084317733-2048x1536.jpg 2048w\" sizes=\"auto, (max-width: 1024px) 100vw, 1024px\" \/><figcaption class=\"wp-element-caption\">Foto: Johannes Mairhofer<\/figcaption><\/figure>\n\n\n\n<figure class=\"wp-block-image size-large\"><img loading=\"lazy\" decoding=\"async\" width=\"1024\" height=\"769\" data-id=\"9831\" src=\"https:\/\/www.sitnskate.de\/wp-content\/uploads\/2025\/08\/PXL_20250817_082859988-scaled-e1755946111628-1024x769.jpg\" alt=\"Zwei junge Menschen im Rollstuhl fahren im Skatepark. Im Vordergrund eine Person mit wei\u00dfem Helm, die sich konzentriert in die Kurve legt. Eine weitere Person mit schwarzem Helm beobachtet. Im Hintergrund steht eine Begleitperson vor einem Schulgeb\u00e4ude mit orangefarbener Fassade.\" class=\"wp-image-9831\" srcset=\"https:\/\/www.sitnskate.de\/wp-content\/uploads\/2025\/08\/PXL_20250817_082859988-scaled-e1755946111628-1024x769.jpg 1024w, https:\/\/www.sitnskate.de\/wp-content\/uploads\/2025\/08\/PXL_20250817_082859988-scaled-e1755946111628-300x225.jpg 300w, https:\/\/www.sitnskate.de\/wp-content\/uploads\/2025\/08\/PXL_20250817_082859988-scaled-e1755946111628-768x577.jpg 768w, https:\/\/www.sitnskate.de\/wp-content\/uploads\/2025\/08\/PXL_20250817_082859988-scaled-e1755946111628-1536x1154.jpg 1536w, https:\/\/www.sitnskate.de\/wp-content\/uploads\/2025\/08\/PXL_20250817_082859988-scaled-e1755946111628.jpg 1920w\" sizes=\"auto, (max-width: 1024px) 100vw, 1024px\" \/><figcaption class=\"wp-element-caption\">Foto: Johannes Mairhofer<\/figcaption><\/figure>\n<\/figure>\n","protected":false},"excerpt":{"rendered":"<p>Oldenburg rollt \u2013 trotz Regen! Unser erster Outdoor-Skate-Treff im Skatepark Kreyenbr\u00fcck Am Sonntag, den 17. August, waren wir zum ersten Mal mit unserem Rollstuhl-Skate-Treff&nbsp;unter freiem Himmel in Oldenburg&nbsp;\u2013 und zwar im&nbsp;Skatepark Kreyenbr\u00fcck. Und auch wenn das Wetter es uns nicht ganz leicht gemacht hat, war es ein richtig sch\u00f6ner Tag. Gleich morgens sah es noch [&hellip;]<\/p>\n","protected":false},"author":3,"featured_media":9837,"comment_status":"open","ping_status":"open","sticky":false,"template":"","format":"standard","meta":{"_acf_changed":false,"footnotes":""},"categories":[429],"tags":[764,664,28],"class_list":["post-9804","post","type-post","status-publish","format-standard","has-post-thumbnail","hentry","category-termine-events","tag-kreyenbrueck","tag-oldenburg","tag-wcmx"],"acf":[],"_links":{"self":[{"href":"https:\/\/www.sitnskate.de\/ls\/wp-json\/wp\/v2\/posts\/9804","targetHints":{"allow":["GET"]}}],"collection":[{"href":"https:\/\/www.sitnskate.de\/ls\/wp-json\/wp\/v2\/posts"}],"about":[{"href":"https:\/\/www.sitnskate.de\/ls\/wp-json\/wp\/v2\/types\/post"}],"author":[{"embeddable":true,"href":"https:\/\/www.sitnskate.de\/ls\/wp-json\/wp\/v2\/users\/3"}],"replies":[{"embeddable":true,"href":"https:\/\/www.sitnskate.de\/ls\/wp-json\/wp\/v2\/comments?post=9804"}],"version-history":[{"count":4,"href":"https:\/\/www.sitnskate.de\/ls\/wp-json\/wp\/v2\/posts\/9804\/revisions"}],"predecessor-version":[{"id":9842,"href":"https:\/\/www.sitnskate.de\/ls\/wp-json\/wp\/v2\/posts\/9804\/revisions\/9842"}],"wp:featuredmedia":[{"embeddable":true,"href":"https:\/\/www.sitnskate.de\/ls\/wp-json\/wp\/v2\/media\/9837"}],"wp:attachment":[{"href":"https:\/\/www.sitnskate.de\/ls\/wp-json\/wp\/v2\/media?parent=9804"}],"wp:term":[{"taxonomy":"category","embeddable":true,"href":"https:\/\/www.sitnskate.de\/ls\/wp-json\/wp\/v2\/categories?post=9804"},{"taxonomy":"post_tag","embeddable":true,"href":"https:\/\/www.sitnskate.de\/ls\/wp-json\/wp\/v2\/tags?post=9804"}],"curies":[{"name":"wp","href":"https:\/\/api.w.org\/{rel}","templated":true}]}}