{"id":976,"date":"2016-06-06T18:29:30","date_gmt":"2016-06-06T16:29:30","guid":{"rendered":"http:\/\/lisa-and-david.net\/?p=976"},"modified":"2022-10-17T16:19:33","modified_gmt":"2022-10-17T14:19:33","slug":"gedanken-uebersprache","status":"publish","type":"post","link":"https:\/\/www.sitnskate.de\/ls\/aktuelles\/gedanken-uebersprache","title":{"rendered":"Gedanken \u00fcber\u2026Sprache"},"content":{"rendered":"<div>Ich bin bei einer Diskussion auf Facebook mal wieder auf meinen Sprachgebrauch aufmerksam gemacht worden. Ich wurde daf\u00fcr kritisiert, dass ich geistig Behinderte \u201eGeistis\u201c genannt hab und das ich Blinde als Baustelle bezeichnet habe. Letzteres ist nicht so ganz korrekt, denn Sprache funktioniert ja auch oft nur im Kontext. Ich w\u00fcrde ja keinen Menschen als Baustelle bezeichnen. Viel mehr ging es um Aufgabengebiete, die ich Baustellen genannt habe. So sehe ich es als meine Baustelle u.a. gehbehinderte Menschen zu mobilisieren und zu motivieren, aber f\u00fcr blinde Menschen kann ich da nicht so viel tun, weil ich davon halt keine Ahnung habe und ich es auch nicht als meine Aufgabe sehe oder gar als meine Pflicht.<\/div>\n<p><div>Nun kann man sich nat\u00fcrlich streiten, ob man bestimmte Bezeichnungen verniedlichen darf. Der eine mag es, der andere nicht und ich sage, es kommt auf den Kontext an und eben wer die Sprache anwendet und wo. Rolli, GehBehs, Spasti, Behindi\u2026 in meinem t\u00e4glichen Sprachgebrauch sind das durchaus Worte, die ich oft und gern gebrauche und wenn sich da jemand von angegriffen f\u00fchlt, kann ich nur sagen: Nimm den Stock ausm Arsch! Nat\u00fcrlich w\u00fcrde ich diese Verniedlichungen nicht unbedingt \u00fcberall als angemessen sehen und dort wo sachliche und fachliche Inhalte geschrieben stehen, wie z.B. in der Presse oder anderen Medien, achte ich sehr darauf, dass eine korrekte und angemessene Ausdrucksweise verwendet wird. Bei Interviews verweise ich auch gern auf <a href=\"http:\/\/www.leidmedien.de\">Leidmedien.de<\/a>.<\/div>\n<div><\/div>\n<div><\/div>\n<\/p><p><div>In einem pers\u00f6nlicheren Umfeld nennen \u201ewir uns\u201c auch gegenseitig Spasti oder Kr\u00fcppel und wissen, dass das alles andere als b\u00f6se gemeint ist. Auch hier kommt es wieder auf Kontext, wer, wie, wo und warum an. Generell muss ich aber dennoch sagen, dass ich nicht jeden berichtigen muss und mich auch nicht sofort bei jedem Schei\u00df beleidigt f\u00fchlen muss &#8211; schon gar nicht bei einer Verniedlichung. Ich mach mich auch gern lustig dar\u00fcber, wenn der Busfahrer mal wieder fragt, wo denn die Rollst\u00fchle raus wollen, aber mehr als einen bl\u00f6den Spruch gibt es dann auch nicht. Nat\u00fcrlich will der Mensch auch mit aussteigen in aller Regel, aber durch den Kontext ist das zum Gl\u00fcck relativ klar. Bei dem Spruch \u201e\u2026an den Rollstuhl gefesselt\u2026\u201c bekommt derjenige auch einfach einen bl\u00f6den Spruch gedr\u00fcckt, nur selten belehre ich hier immer sofort, au\u00dfer es ist ein Journalist oder andere, die mit Worten arbeiten und ein \u00f6ffentliches Bild formen k\u00f6nnen\/sollen. Oder ich habe viel Zeit, dann erkl\u00e4re ich nat\u00fcrlich auch gern was daran bl\u00f6d ist und warum man es anders ausdr\u00fccken sollte.<\/div>\n<div><\/div>\n<div><\/div>\n<\/p><p><div>Auch der behinderte Mensch, im allgemeinen oft Behinderter genannt, ist eine Ausdrucksweise, die f\u00fcr mich in offizielle Schreiben \/ Reden geh\u00f6rt. Aber in der Umgangssprache finde ich es nicht schlimm jemanden einfach behindert oder Behinderten zu nennen. Auch hier gilt wieder, wenn ich viel Zeit habe oder mein Gegen\u00fcber jemand ist, der das verstehen sollte, erkl\u00e4re ich mich oder verweise auf Leidmedien.de.<\/div>\n<div><\/div>\n<div><\/div>\n<\/p><p><div>Wenn wir bei jedem Schei\u00df immer gleich auf Political Correctness pochen, wenn wir bei jedem kleinen Fehler immer berichtigen, erreichen wir die Leute noch viel weniger, weil sie einfach nur genervt sind und wir bauen \u00c4ngste auf, die wir eigentlich abbauen wollen. Wenn Leute schon Angst haben mit uns zu sprechen, weil sie Angst haben in Fettn\u00e4ppfchen zu treten \u201eoh darf ich \u00fcberhaupt treten sagen?\u201c, dann erreichen wir oft das Gegenteil von dem was wir eigentlich erreichen wollen. Denn Begegnungen und unkompliziertes, einfach normales Miteinander, inklusiv und bunt, das sehe ich sehr wohl als meine Baustelle. Dazu m\u00fcssen wir aber auch ein unkompliziertes miteinander erm\u00f6glichen und d\u00fcrfen das nicht unn\u00f6tig erschweren, nur weil wir immer gleich auf politisch Korrekte Ausdrucksweise bestehen. Das ist nicht mein Bier!<\/div>\n<div><\/div>\n<div><\/div>\n<\/p><p><div>Oh du trinkst gar kein Alkohol? War das jetzt unangemessen? Es gibt halt gewisse Floskeln im Sprachgebrauch, die erst nach und nach verschwinden, mal wieder auftauchen und auch wieder verschwinden. Nat\u00fcrlich kann und muss man das ein bisschen steuern, aber man sollte da nicht ein Sprach oder Behindertennazi werden und alle gleich verurteilen und unter Generalverdacht stellen, nur weil die dich \u201ean den Rolli gefesselt\u201c genannt haben. Ich mag auch einen alten Spitznamen von mir nicht so ganz weil der so niedlich klang: \u201eBusi\u201c haben mich die M\u00e4dels oft genannt, einige tun es immer noch. Dennoch mach ich die nicht bl\u00f6de an und sage: \u201eDas hei\u00dft Lebbe!\u201c<\/div>\n<div><\/div>\n<\/p><p><div><\/div>\n<div>\/David<\/div>\n<div><\/div>\n<div><\/div>\n<\/p><p><div>PS: Mit Spastiklatschen meinen wir z.B. das klatschen bei gro\u00dfer Freude von Leuten mit CP\u00a0und keine\u00a0gewaltverherrlichenden\u00a0Aktionen!<\/div>\n<div>\n<p>\n<a href=\"https:\/\/www.sitnskate.de\/wp-content\/uploads\/2016\/06\/screenshot-2016-06-06-18-21-15.png\"><img loading=\"lazy\" decoding=\"async\" class=\"wp-image-977 size-medium\" src=\"https:\/\/www.sitnskate.de\/wp-content\/uploads\/2016\/06\/screenshot-2016-06-06-18-21-15.png?w=274\" alt=\"blablabla\" width=\"274\" height=\"300\" srcset=\"https:\/\/www.sitnskate.de\/wp-content\/uploads\/2016\/06\/screenshot-2016-06-06-18-21-15.png 563w, https:\/\/www.sitnskate.de\/wp-content\/uploads\/2016\/06\/screenshot-2016-06-06-18-21-15-274x300.png 274w\" sizes=\"auto, (max-width: 274px) 100vw, 274px\" \/><\/a><\/p>\n<\/div>\n<\/p>","protected":false},"excerpt":{"rendered":"<p>Ich bin bei einer Diskussion auf Facebook mal wieder auf meinen Sprachgebrauch aufmerksam gemacht worden. Ich wurde daf\u00fcr kritisiert, dass ich geistig Behinderte \u201eGeistis\u201c genannt hab und das ich Blinde als Baustelle bezeichnet habe. Letzteres ist nicht so ganz korrekt, denn Sprache funktioniert ja auch oft nur im Kontext. Ich w\u00fcrde ja keinen Menschen als [&hellip;]<\/p>\n","protected":false},"author":3,"featured_media":977,"comment_status":"open","ping_status":"open","sticky":false,"template":"","format":"standard","meta":{"_acf_changed":false,"footnotes":""},"categories":[6,1],"tags":[5,154,305,18,306,261,307,308],"class_list":["post-976","post","type-post","status-publish","format-standard","has-post-thumbnail","hentry","category-gedanken-zu","category-unkategorisiert","tag-behinderung","tag-inklusion","tag-rolli","tag-rollstuhl","tag-sprache","tag-teilhabe","tag-verniedlichungen","tag-worte"],"acf":[],"_links":{"self":[{"href":"https:\/\/www.sitnskate.de\/ls\/wp-json\/wp\/v2\/posts\/976","targetHints":{"allow":["GET"]}}],"collection":[{"href":"https:\/\/www.sitnskate.de\/ls\/wp-json\/wp\/v2\/posts"}],"about":[{"href":"https:\/\/www.sitnskate.de\/ls\/wp-json\/wp\/v2\/types\/post"}],"author":[{"embeddable":true,"href":"https:\/\/www.sitnskate.de\/ls\/wp-json\/wp\/v2\/users\/3"}],"replies":[{"embeddable":true,"href":"https:\/\/www.sitnskate.de\/ls\/wp-json\/wp\/v2\/comments?post=976"}],"version-history":[{"count":1,"href":"https:\/\/www.sitnskate.de\/ls\/wp-json\/wp\/v2\/posts\/976\/revisions"}],"predecessor-version":[{"id":3276,"href":"https:\/\/www.sitnskate.de\/ls\/wp-json\/wp\/v2\/posts\/976\/revisions\/3276"}],"wp:featuredmedia":[{"embeddable":true,"href":"https:\/\/www.sitnskate.de\/ls\/wp-json\/wp\/v2\/media\/977"}],"wp:attachment":[{"href":"https:\/\/www.sitnskate.de\/ls\/wp-json\/wp\/v2\/media?parent=976"}],"wp:term":[{"taxonomy":"category","embeddable":true,"href":"https:\/\/www.sitnskate.de\/ls\/wp-json\/wp\/v2\/categories?post=976"},{"taxonomy":"post_tag","embeddable":true,"href":"https:\/\/www.sitnskate.de\/ls\/wp-json\/wp\/v2\/tags?post=976"}],"curies":[{"name":"wp","href":"https:\/\/api.w.org\/{rel}","templated":true}]}}