{"id":9939,"date":"2025-09-01T22:05:08","date_gmt":"2025-09-01T20:05:08","guid":{"rendered":"https:\/\/www.sitnskate.de\/?p=9939"},"modified":"2025-09-09T22:28:33","modified_gmt":"2025-09-09T20:28:33","slug":"kultur-an-der-kante","status":"publish","type":"post","link":"https:\/\/www.sitnskate.de\/en\/aktuelles\/kultur-an-der-kante","title":{"rendered":"Kultur an der Kante"},"content":{"rendered":"\n<p><strong>Rollstuhl Parcours beim Kultur an der Kante Festival<\/strong><\/p>\n\n\n\n<p>Am 30. August waren wir beim ersten&nbsp;<em>Kultur an der Kante<\/em>&nbsp;Festival in Berverath mit dabei. Das Festival thematisierte die Zukunft der D\u00f6rfer, die einst f\u00fcr den Braunkohleabbau durch RWE enteignet wurden \u2013 D\u00f6rfer, die nun doch erhalten bleiben. Inmitten von Musik, Lesungen und spannenden Erz\u00e4hlrunden konnten wir mit unserem Rolliparcours ein starkes Zeichen f\u00fcr Teilhabe und Barrierefreiheit setzen.<\/p>\n\n\n\n<p>Rund 15 motivierte Teilnehmende nutzten die Gelegenheit, bei strahlendem Sonnenschein die Perspektive zu wechseln und den Rollstuhl selbst auszuprobieren. Dabei wurde schnell klar, wie viel Geschick es braucht, um allt\u00e4gliche Barrieren wie Bordsteinkanten zu \u00fcberwinden \u2013 und wie viel Spa\u00df es machen kann, diese Herausforderung gemeinsam anzupacken.<\/p>\n\n\n\n<p>Ein gro\u00dfes Dankesch\u00f6n geht an das Team von&nbsp;<em>Kultur an der Kante<\/em>, dass wir Teil dieser wichtigen Veranstaltung sein durften. Denn Barrierefreiheit geht uns alle etwas an.<\/p>\n\n\n\n<figure class=\"wp-block-gallery has-nested-images columns-default is-cropped wp-block-gallery-1 is-layout-flex wp-block-gallery-is-layout-flex\">\n<figure class=\"wp-block-image size-large\"><img loading=\"lazy\" decoding=\"async\" width=\"1024\" height=\"683\" data-id=\"9988\" src=\"https:\/\/www.sitnskate.de\/wp-content\/uploads\/2025\/09\/DSCF3254_Original-1024x683.jpg\" alt=\"Szene des Rolliparcours vor einer kleinen Kirche. Kinder und Erwachsene im Rollstuhl nutzen verschiedene Rampen, w\u00e4hrend einige Zuschauende am Rand stehen oder auf einer Bank sitzen. Die Stimmung ist entspannt und aktiv zugleich.\" class=\"wp-image-9988\" srcset=\"https:\/\/www.sitnskate.de\/wp-content\/uploads\/2025\/09\/DSCF3254_Original-1024x683.jpg 1024w, https:\/\/www.sitnskate.de\/wp-content\/uploads\/2025\/09\/DSCF3254_Original-300x200.jpg 300w, https:\/\/www.sitnskate.de\/wp-content\/uploads\/2025\/09\/DSCF3254_Original-768x512.jpg 768w, https:\/\/www.sitnskate.de\/wp-content\/uploads\/2025\/09\/DSCF3254_Original-1536x1024.jpg 1536w, https:\/\/www.sitnskate.de\/wp-content\/uploads\/2025\/09\/DSCF3254_Original-2048x1365.jpg 2048w\" sizes=\"auto, (max-width: 1024px) 100vw, 1024px\" \/><\/figure>\n\n\n\n<figure class=\"wp-block-image size-large\"><img decoding=\"async\" data-id=\"9991\" src=\"https:\/\/www.sitnskate.de\/wp-content\/uploads\/2025\/09\/DSCF3258_Original-683x1024.jpg\" alt=\"Mehrere junge Menschen im Rollstuhl fahren \u00fcber einen Rolliparcours auf einer ruhigen Dorfstra\u00dfe. Die Teilnehmenden wirken konzentriert, einige l\u00e4cheln. Die Strecke ist ges\u00e4umt von Backsteinh\u00e4usern und B\u00e4umen, der Himmel ist blau mit einigen Wolken.\" class=\"wp-image-9991\"\/><\/figure>\n\n\n\n<figure class=\"wp-block-image size-large\"><img loading=\"lazy\" decoding=\"async\" width=\"1024\" height=\"683\" data-id=\"9997\" src=\"https:\/\/www.sitnskate.de\/wp-content\/uploads\/2025\/09\/DSCF3270_Original-1024x683.jpg\" alt=\"Ein Rollstuhlfahrender n\u00e4hert sich einer mobilen Rampe auf der Stra\u00dfe. Die Rampe ist Teil eines Rolliparcours. Im Hintergrund unterhalten sich zwei Menschen mit einem Fahrrad vor einer Backsteinwand, ein weiterer steht daneben mit einem Getr\u00e4nk in der Hand.\" class=\"wp-image-9997\" srcset=\"https:\/\/www.sitnskate.de\/wp-content\/uploads\/2025\/09\/DSCF3270_Original-1024x683.jpg 1024w, https:\/\/www.sitnskate.de\/wp-content\/uploads\/2025\/09\/DSCF3270_Original-300x200.jpg 300w, https:\/\/www.sitnskate.de\/wp-content\/uploads\/2025\/09\/DSCF3270_Original-768x512.jpg 768w, https:\/\/www.sitnskate.de\/wp-content\/uploads\/2025\/09\/DSCF3270_Original-1536x1024.jpg 1536w, https:\/\/www.sitnskate.de\/wp-content\/uploads\/2025\/09\/DSCF3270_Original-2048x1365.jpg 2048w\" sizes=\"auto, (max-width: 1024px) 100vw, 1024px\" \/><\/figure>\n<\/figure>\n","protected":false},"excerpt":{"rendered":"<p>Rollstuhl Parcours beim Kultur an der Kante Festival Am 30. August waren wir beim ersten&nbsp;Kultur an der Kante&nbsp;Festival in Berverath mit dabei. Das Festival thematisierte die Zukunft der D\u00f6rfer, die einst f\u00fcr den Braunkohleabbau durch RWE enteignet wurden \u2013 D\u00f6rfer, die nun doch erhalten bleiben. Inmitten von Musik, Lesungen und spannenden Erz\u00e4hlrunden konnten wir mit [&hellip;]<\/p>\n","protected":false},"author":3,"featured_media":9991,"comment_status":"open","ping_status":"open","sticky":false,"template":"","format":"standard","meta":{"_acf_changed":false,"footnotes":""},"categories":[429],"tags":[],"class_list":["post-9939","post","type-post","status-publish","format-standard","has-post-thumbnail","hentry","category-termine-events"],"acf":[],"_links":{"self":[{"href":"https:\/\/www.sitnskate.de\/en\/wp-json\/wp\/v2\/posts\/9939","targetHints":{"allow":["GET"]}}],"collection":[{"href":"https:\/\/www.sitnskate.de\/en\/wp-json\/wp\/v2\/posts"}],"about":[{"href":"https:\/\/www.sitnskate.de\/en\/wp-json\/wp\/v2\/types\/post"}],"author":[{"embeddable":true,"href":"https:\/\/www.sitnskate.de\/en\/wp-json\/wp\/v2\/users\/3"}],"replies":[{"embeddable":true,"href":"https:\/\/www.sitnskate.de\/en\/wp-json\/wp\/v2\/comments?post=9939"}],"version-history":[{"count":3,"href":"https:\/\/www.sitnskate.de\/en\/wp-json\/wp\/v2\/posts\/9939\/revisions"}],"predecessor-version":[{"id":10000,"href":"https:\/\/www.sitnskate.de\/en\/wp-json\/wp\/v2\/posts\/9939\/revisions\/10000"}],"wp:featuredmedia":[{"embeddable":true,"href":"https:\/\/www.sitnskate.de\/en\/wp-json\/wp\/v2\/media\/9991"}],"wp:attachment":[{"href":"https:\/\/www.sitnskate.de\/en\/wp-json\/wp\/v2\/media?parent=9939"}],"wp:term":[{"taxonomy":"category","embeddable":true,"href":"https:\/\/www.sitnskate.de\/en\/wp-json\/wp\/v2\/categories?post=9939"},{"taxonomy":"post_tag","embeddable":true,"href":"https:\/\/www.sitnskate.de\/en\/wp-json\/wp\/v2\/tags?post=9939"}],"curies":[{"name":"wp","href":"https:\/\/api.w.org\/{rel}","templated":true}]}}